{"id":560,"date":"2018-07-05T12:01:33","date_gmt":"2018-07-05T10:01:33","guid":{"rendered":"http:\/\/www.bienvivrealarabine.fr\/?p=560"},"modified":"2018-07-05T18:11:01","modified_gmt":"2018-07-05T16:11:01","slug":"reunion-de-quartier-vannes-centre-le-port","status":"publish","type":"post","link":"http:\/\/www.bienvivrealarabine.fr\/index.php\/2018\/07\/05\/reunion-de-quartier-vannes-centre-le-port\/","title":{"rendered":"R\u00e9union de Quartier Vannes Centre Le Port"},"content":{"rendered":"<p>Le jeudi 3 mai 2018 avait lieu au Palais des Arts la r\u00e9union publique de Quartier Vannes Centre, Le Port.<\/p>\n<p>Apr\u00e8s une tr\u00e8s tr\u00e8s rapide pr\u00e9sentation des diff\u00e9rents travaux pr\u00e9vus dans le quartier, nous avons pu interpeller M. Robo, maire de Vannes.<\/p>\n<p>Nous lui avons fait part de notre \u00e9tonnement que les travaux de construction au stade de la Rabine n&rsquo;aient pas \u00e9t\u00e9 abord\u00e9s lors de la pr\u00e9sentation des diff\u00e9rents projets et surtout fait part de notre m\u00e9contentement de ne pas avoir \u00e9t\u00e9 re\u00e7u depuis notre demande de rendez-vous du 20 mars&#8230;.<\/p>\n<p>A cela Monsieur le Maire nous a r\u00e9pondu que : <strong>\u00ab\u00a0Si je ne vous ai pas re\u00e7u c&rsquo;est que je n&rsquo;ai rien \u00e0 vous dire. Aujourd&rsquo;hui il n&rsquo;y a pas de permis de d\u00e9livr\u00e9\u00a0\u00bb <\/strong>devant plus de 300 t\u00e9moins.<\/p>\n<p><strong>Lors de l&rsquo;affichage du permis de construire au stade le 20 mai, nous avons eu la d\u00e9sagr\u00e9able surprise de d\u00e9couvrir que le permis avait \u00e9t\u00e9 accord\u00e9 le 3 mai 2018&#8230;&#8230;<\/strong><\/p>\n<p>Nous laissons chacun se faire son opinion&#8230;.<\/p>\n<p>Les Articles de Presse de la r\u00e9union:<\/p>\n<p><a href=\"https:\/\/www.letelegramme.fr\/morbihan\/vannes\/centre-port-les-opposants-au-projet-de-tribune-du-rcv-s-invitent-au-debat-04-05-2018-11948555.php\" target=\"_blank\" rel=\"noopener\">https:\/\/www.letelegramme.fr\/morbihan\/vannes\/centre-port-les-opposants-au-projet-de-tribune-du-rcv-s-invitent-au-debat-04-05-2018-11948555.php<\/a><\/p>\n<p><a href=\"https:\/\/www.ouest-france.fr\/bretagne\/vannes-56000\/vannes-le-quartier-du-centre-s-interroge-sur-la-rabine-5738111\" target=\"_blank\" rel=\"noopener\">https:\/\/www.ouest-france.fr\/bretagne\/vannes-56000\/vannes-le-quartier-du-centre-s-interroge-sur-la-rabine-5738111<\/a><\/p>\n<p>&nbsp;<\/p>\n","protected":false},"excerpt":{"rendered":"<p>Le jeudi 3 mai 2018 avait lieu au Palais des Arts la r\u00e9union publique de Quartier Vannes Centre, Le Port. Apr\u00e8s une tr\u00e8s tr\u00e8s rapide pr\u00e9sentation des diff\u00e9rents travaux pr\u00e9vus dans le quartier, nous avons pu interpeller M. Robo, maire de Vannes. Nous lui avons fait part de notre \u00e9tonnement que les travaux de construction &hellip; <a href=\"http:\/\/www.bienvivrealarabine.fr\/index.php\/2018\/07\/05\/reunion-de-quartier-vannes-centre-le-port\/\" class=\"more-link\">Continuer la lecture<span class=\"screen-reader-text\"> de &laquo;&nbsp;R\u00e9union de Quartier Vannes Centre Le Port&nbsp;&raquo;<\/span><\/a><\/p>\n","protected":false},"author":1,"featured_media":0,"comment_status":"open","ping_status":"open","sticky":false,"template":"","format":"standard","meta":{"footnotes":""},"categories":[22],"tags":[],"_links":{"self":[{"href":"http:\/\/www.bienvivrealarabine.fr\/index.php\/wp-json\/wp\/v2\/posts\/560"}],"collection":[{"href":"http:\/\/www.bienvivrealarabine.fr\/index.php\/wp-json\/wp\/v2\/posts"}],"about":[{"href":"http:\/\/www.bienvivrealarabine.fr\/index.php\/wp-json\/wp\/v2\/types\/post"}],"author":[{"embeddable":true,"href":"http:\/\/www.bienvivrealarabine.fr\/index.php\/wp-json\/wp\/v2\/users\/1"}],"replies":[{"embeddable":true,"href":"http:\/\/www.bienvivrealarabine.fr\/index.php\/wp-json\/wp\/v2\/comments?post=560"}],"version-history":[{"count":6,"href":"http:\/\/www.bienvivrealarabine.fr\/index.php\/wp-json\/wp\/v2\/posts\/560\/revisions"}],"predecessor-version":[{"id":593,"href":"http:\/\/www.bienvivrealarabine.fr\/index.php\/wp-json\/wp\/v2\/posts\/560\/revisions\/593"}],"wp:attachment":[{"href":"http:\/\/www.bienvivrealarabine.fr\/index.php\/wp-json\/wp\/v2\/media?parent=560"}],"wp:term":[{"taxonomy":"category","embeddable":true,"href":"http:\/\/www.bienvivrealarabine.fr\/index.php\/wp-json\/wp\/v2\/categories?post=560"},{"taxonomy":"post_tag","embeddable":true,"href":"http:\/\/www.bienvivrealarabine.fr\/index.php\/wp-json\/wp\/v2\/tags?post=560"}],"curies":[{"name":"wp","href":"https:\/\/api.w.org\/{rel}","templated":true}]}}